{"id":13843,"date":"2025-09-02T10:06:30","date_gmt":"2025-09-02T08:06:30","guid":{"rendered":"https:\/\/traverseedeparis-aviron.com\/?p=13843"},"modified":"2025-09-02T10:55:13","modified_gmt":"2025-09-02T08:55:13","slug":"40%e1%b5%89-traversee-de-paris-et-des-hauts-de-seine-un-anniversaire-historique-sur-la-seine","status":"publish","type":"post","link":"https:\/\/traverseedeparis-aviron.com\/en\/2025\/09\/02\/40%e1%b5%89-traversee-de-paris-et-des-hauts-de-seine-un-anniversaire-historique-sur-la-seine\/","title":{"rendered":"40\u1d49 Crossing Paris and the Hauts-de-Seine: a historic anniversary on the Seine"},"content":{"rendered":"<p>[et_pb_section fb_built=\u00a0\u00bb1&Prime; _builder_version=\u00a0\u00bb4.27.4&Prime; _module_preset=\u00a0\u00bbdefault\u00a0\u00bb custom_margin=\u00a0\u00bb0px||||false|false\u00a0\u00bb custom_padding=\u00a0\u00bb0px||||false|false\u00a0\u00bb global_colors_info=\u00a0\u00bb{}\u00a0\u00bb theme_builder_area=\u00a0\u00bbpost_content\u00a0\u00bb][et_pb_row _builder_version=\u00a0\u00bb4.27.4&Prime; _module_preset=\u00a0\u00bbdefault\u00a0\u00bb custom_margin=\u00a0\u00bb0px||0px||false|false\u00a0\u00bb custom_padding=\u00a0\u00bb0px||0px||false|false\u00a0\u00bb global_colors_info=\u00a0\u00bb{}\u00a0\u00bb theme_builder_area=\u00a0\u00bbpost_content\u00a0\u00bb][et_pb_column type=\u00a0\u00bb4_4&Prime; _builder_version=\u00a0\u00bb4.27.4&Prime; _module_preset=\u00a0\u00bbdefault\u00a0\u00bb global_colors_info=\u00a0\u00bb{}\u00a0\u00bb theme_builder_area=\u00a0\u00bbpost_content\u00a0\u00bb][et_pb_post_title author=\u00a0\u00bboff\u00a0\u00bb date_format=\u00a0\u00bbj, M, Y\u00a0\u00bb comments=\u00a0\u00bboff\u00a0\u00bb _builder_version=\u00a0\u00bb4.27.4&Prime; _module_preset=\u00a0\u00bbdefault\u00a0\u00bb global_colors_info=\u00a0\u00bb{}\u00a0\u00bb theme_builder_area=\u00a0\u00bbpost_content\u00a0\u00bb][\/et_pb_post_title][et_pb_text _builder_version=\u00a0\u00bb4.27.4&Prime; _module_preset=\u00a0\u00bbdefault\u00a0\u00bb global_colors_info=\u00a0\u00bb{}\u00a0\u00bb theme_builder_area=\u00a0\u00bbpost_content\u00a0\u00bb]<\/p>\n<p>Dimanche 14 septembre 2025, plus de <strong data-start=\"86\" data-end=\"145\">1 300 rameurs venus de toute la France et de l\u2019\u00e9tranger<\/strong> se donneront rendez-vous pour c\u00e9l\u00e9brer un moment unique : la <strong data-start=\"207\" data-end=\"279\">40\u1d49 \u00e9dition de la Travers\u00e9e de Paris et des Hauts-de-Seine en aviron<\/strong>, un \u00e9v\u00e9nement exceptionnel <strong data-start=\"307\" data-end=\"396\">labellis\u00e9 cette ann\u00e9e par le Gouvernement dans le cadre de la F\u00eate nationale du sport<\/strong>.<\/p>\n<p>[\/et_pb_text][et_pb_heading title=\u00a0\u00bbUne randonn\u00e9e spectaculaire au c\u0153ur de la capitale\u00a0\u00bb _builder_version=\u00a0\u00bb4.27.4&Prime; _module_preset=\u00a0\u00bbdefault\u00a0\u00bb title_level=\u00a0\u00bbh3&Prime; global_colors_info=\u00a0\u00bb{}\u00a0\u00bb theme_builder_area=\u00a0\u00bbpost_content\u00a0\u00bb][\/et_pb_heading][\/et_pb_column][\/et_pb_row][et_pb_row column_structure=\u00a0\u00bb1_3,2_3&Prime; _builder_version=\u00a0\u00bb4.27.4&Prime; _module_preset=\u00a0\u00bbdefault\u00a0\u00bb global_colors_info=\u00a0\u00bb{}\u00a0\u00bb theme_builder_area=\u00a0\u00bbpost_content\u00a0\u00bb][et_pb_column type=\u00a0\u00bb1_3&Prime; _builder_version=\u00a0\u00bb4.27.4&Prime; _module_preset=\u00a0\u00bbdefault\u00a0\u00bb global_colors_info=\u00a0\u00bb{}\u00a0\u00bb theme_builder_area=\u00a0\u00bbpost_content\u00a0\u00bb][et_pb_image src=\u00a0\u00bbhttp:\/\/traverseedeparis-aviron.com\/wp-content\/uploads\/2025\/09\/53187778247_8e040a502c_o-scaled.jpg\u00a0\u00bb title_text=\u00a0\u00bbOLYMPUS DIGITAL CAMERA\u00a0\u00bb _builder_version=\u00a0\u00bb4.27.4&Prime; _module_preset=\u00a0\u00bbdefault\u00a0\u00bb global_colors_info=\u00a0\u00bb{}\u00a0\u00bb theme_builder_area=\u00a0\u00bbpost_content\u00a0\u00bb][\/et_pb_image][\/et_pb_column][et_pb_column type=\u00a0\u00bb2_3&Prime; _builder_version=\u00a0\u00bb4.27.4&Prime; _module_preset=\u00a0\u00bbdefault\u00a0\u00bb global_colors_info=\u00a0\u00bb{}\u00a0\u00bb theme_builder_area=\u00a0\u00bbpost_content\u00a0\u00bb][et_pb_text _builder_version=\u00a0\u00bb4.27.4&Prime; _module_preset=\u00a0\u00bbdefault\u00a0\u00bb global_colors_info=\u00a0\u00bb{}\u00a0\u00bb theme_builder_area=\u00a0\u00bbpost_content\u00a0\u00bb]<\/p>\n<p data-start=\"707\" data-end=\"1080\">Chaque ann\u00e9e, cette randonn\u00e9e de <strong data-start=\"740\" data-end=\"749\">28 km<\/strong> attire des passionn\u00e9s d\u2019aviron, des curieux et des amoureux de Paris. C\u2019est le <strong data-start=\"829\" data-end=\"890\">seul \u00e9v\u00e9nement autoris\u00e9 \u00e0 traverser la capitale \u00e0 la rame<\/strong>, une exp\u00e9rience rare qui permet d\u2019admirer les plus beaux monuments parisiens depuis la Seine : la Tour Eiffel, le Louvre, Notre-Dame ou encore les ponts embl\u00e9matiques de la Ville Lumi\u00e8re.<\/p>\n<p data-start=\"1082\" data-end=\"1238\">Le d\u00e9part sera donn\u00e9 \u00e0 <strong data-start=\"1105\" data-end=\"1141\">7h15 depuis Boulogne-Billancourt<\/strong>, avec une arriv\u00e9e pr\u00e9vue aux alentours de <strong data-start=\"1184\" data-end=\"1193\">11h15<\/strong>, apr\u00e8s une descente festive et conviviale.<\/p>\n<p>[\/et_pb_text][\/et_pb_column][\/et_pb_row][et_pb_row _builder_version=\u00a0\u00bb4.27.4&Prime; _module_preset=\u00a0\u00bbdefault\u00a0\u00bb custom_margin=\u00a0\u00bb||0px||false|false\u00a0\u00bb custom_padding=\u00a0\u00bb||0px||false|false\u00a0\u00bb global_colors_info=\u00a0\u00bb{}\u00a0\u00bb theme_builder_area=\u00a0\u00bbpost_content\u00a0\u00bb][et_pb_column type=\u00a0\u00bb4_4&Prime; _builder_version=\u00a0\u00bb4.27.4&Prime; _module_preset=\u00a0\u00bbdefault\u00a0\u00bb global_colors_info=\u00a0\u00bb{}\u00a0\u00bb theme_builder_area=\u00a0\u00bbpost_content\u00a0\u00bb][et_pb_heading title=\u00a0\u00bbUne \u00e9dition record et internationale\u00a0\u00bb _builder_version=\u00a0\u00bb4.27.4&Prime; _module_preset=\u00a0\u00bbdefault\u00a0\u00bb title_level=\u00a0\u00bbh3&Prime; custom_margin=\u00a0\u00bb0px||||false|false\u00a0\u00bb custom_padding=\u00a0\u00bb0px||||false|false\u00a0\u00bb global_colors_info=\u00a0\u00bb{}\u00a0\u00bb theme_builder_area=\u00a0\u00bbpost_content\u00a0\u00bb][\/et_pb_heading][\/et_pb_column][\/et_pb_row][et_pb_row column_structure=\u00a0\u00bb3_4,1_4&Prime; _builder_version=\u00a0\u00bb4.27.4&Prime; _module_preset=\u00a0\u00bbdefault\u00a0\u00bb custom_margin=\u00a0\u00bb0px||||false|false\u00a0\u00bb custom_padding=\u00a0\u00bb0px||||false|false\u00a0\u00bb global_colors_info=\u00a0\u00bb{}\u00a0\u00bb theme_builder_area=\u00a0\u00bbpost_content\u00a0\u00bb][et_pb_column type=\u00a0\u00bb3_4&Prime; _builder_version=\u00a0\u00bb4.27.4&Prime; _module_preset=\u00a0\u00bbdefault\u00a0\u00bb global_colors_info=\u00a0\u00bb{}\u00a0\u00bb theme_builder_area=\u00a0\u00bbpost_content\u00a0\u00bb][et_pb_text _builder_version=\u00a0\u00bb4.27.4&Prime; _module_preset=\u00a0\u00bbdefault\u00a0\u00bb global_colors_info=\u00a0\u00bb{}\u00a0\u00bb theme_builder_area=\u00a0\u00bbpost_content\u00a0\u00bb]<\/p>\n<p>Pour cette \u00e9dition anniversaire, la Travers\u00e9e bat des records : <strong data-start=\"1347\" data-end=\"1375\">plus de 280 embarcations<\/strong> seront align\u00e9es sur la ligne de d\u00e9part, repr\u00e9sentant <strong data-start=\"1429\" data-end=\"1463\">plus de 10 nations diff\u00e9rentes<\/strong>. Un t\u00e9moignage fort du rayonnement international de l\u2019\u00e9v\u00e9nement, devenu incontournable pour les passionn\u00e9s d\u2019aviron et un rendez-vous attendu dans le calendrier sportif francilien. Les nations repr\u00e9sent\u00e9es : France, Allemagne, Belgique, Danemark, Espagne, Ireland, Italie, Pays-Bas, Portugal, Hong-Kong, Suisse, Royaume-Uni.<\/p>\n<p>[\/et_pb_text][\/et_pb_column][et_pb_column type=\u00a0\u00bb1_4&Prime; _builder_version=\u00a0\u00bb4.27.4&Prime; _module_preset=\u00a0\u00bbdefault\u00a0\u00bb global_colors_info=\u00a0\u00bb{}\u00a0\u00bb theme_builder_area=\u00a0\u00bbpost_content\u00a0\u00bb][et_pb_circle_counter title=\u00a0\u00bbEquipages \u00e9trangers\u00a0\u00bb number=\u00a0\u00bb39&Prime; bar_bg_color=\u00a0\u00bb#B7153C\u00a0\u00bb _builder_version=\u00a0\u00bb4.27.4&Prime; _module_preset=\u00a0\u00bbdefault\u00a0\u00bb title_text_color=\u00a0\u00bb#B7153C\u00a0\u00bb title_font_size=\u00a0\u00bb15px\u00a0\u00bb number_text_color=\u00a0\u00bb#B7153C\u00a0\u00bb number_font_size=\u00a0\u00bb41px\u00a0\u00bb max_width=\u00a0\u00bb135px\u00a0\u00bb max_height=\u00a0\u00bb148px\u00a0\u00bb custom_margin=\u00a0\u00bb-40px|auto|0px|auto|false|false\u00a0\u00bb hover_enabled=\u00a0\u00bb0&Prime; global_colors_info=\u00a0\u00bb{}\u00a0\u00bb theme_builder_area=\u00a0\u00bbpost_content\u00a0\u00bb sticky_enabled=\u00a0\u00bb0&Prime;][\/et_pb_circle_counter][\/et_pb_column][\/et_pb_row][et_pb_row _builder_version=\u00a0\u00bb4.27.4&Prime; _module_preset=\u00a0\u00bbdefault\u00a0\u00bb global_colors_info=\u00a0\u00bb{}\u00a0\u00bb theme_builder_area=\u00a0\u00bbpost_content\u00a0\u00bb][et_pb_column type=\u00a0\u00bb4_4&Prime; _builder_version=\u00a0\u00bb4.27.4&Prime; _module_preset=\u00a0\u00bbdefault\u00a0\u00bb global_colors_info=\u00a0\u00bb{}\u00a0\u00bb theme_builder_area=\u00a0\u00bbpost_content\u00a0\u00bb][et_pb_heading title=\u00a0\u00bbDes temps forts tout au long du week-end\u00a0\u00bb _builder_version=\u00a0\u00bb4.27.4&Prime; _module_preset=\u00a0\u00bbdefault\u00a0\u00bb title_level=\u00a0\u00bbh3&Prime; custom_margin=\u00a0\u00bb||0px||false|false\u00a0\u00bb custom_padding=\u00a0\u00bb||0px||false|false\u00a0\u00bb global_colors_info=\u00a0\u00bb{}\u00a0\u00bb theme_builder_area=\u00a0\u00bbpost_content\u00a0\u00bb][\/et_pb_heading][et_pb_text _builder_version=\u00a0\u00bb4.27.4&Prime; _module_preset=\u00a0\u00bbdefault\u00a0\u00bb global_colors_info=\u00a0\u00bb{}\u00a0\u00bb theme_builder_area=\u00a0\u00bbpost_content\u00a0\u00bb]<\/p>\n<p>Au-del\u00e0 du spectacle sur l\u2019eau, la f\u00eate se prolongera \u00e0 terre. La base nautique accueillera un moment convivial autour d\u2019un d\u00e9jeuner pr\u00e9par\u00e9 par un traiteur local, avec une version v\u00e9g\u00e9tarienne au menu.<br data-start=\"260\" data-end=\"263\" \/>Les visiteurs pourront \u00e9galement profiter d\u2019une <strong data-start=\"311\" data-end=\"361\">boutique aux couleurs de la Travers\u00e9e de Paris<\/strong>, proposant polos, tee-shirts, goodies ou encore affiches de l\u2019\u00e9v\u00e9nement. Une <strong data-start=\"439\" data-end=\"450\">buvette<\/strong> sera aussi \u00e0 disposition pour prolonger ce moment festif et convivial.<\/p>\n<p>[\/et_pb_text][\/et_pb_column][\/et_pb_row][et_pb_row _builder_version=\u00a0\u00bb4.27.4&Prime; _module_preset=\u00a0\u00bbdefault\u00a0\u00bb global_colors_info=\u00a0\u00bb{}\u00a0\u00bb theme_builder_area=\u00a0\u00bbpost_content\u00a0\u00bb][et_pb_column type=\u00a0\u00bb4_4&Prime; _builder_version=\u00a0\u00bb4.27.4&Prime; _module_preset=\u00a0\u00bbdefault\u00a0\u00bb global_colors_info=\u00a0\u00bb{}\u00a0\u00bb theme_builder_area=\u00a0\u00bbpost_content\u00a0\u00bb][et_pb_heading title=\u00a0\u00bbUn spectacle \u00e0 ne pas manquer\u00a0\u00bb _builder_version=\u00a0\u00bb4.27.4&Prime; _module_preset=\u00a0\u00bbdefault\u00a0\u00bb title_level=\u00a0\u00bbh3&Prime; custom_margin=\u00a0\u00bb||0px||false|false\u00a0\u00bb custom_padding=\u00a0\u00bb||0px||false|false\u00a0\u00bb global_colors_info=\u00a0\u00bb{}\u00a0\u00bb theme_builder_area=\u00a0\u00bbpost_content\u00a0\u00bb][\/et_pb_heading][et_pb_text _builder_version=\u00a0\u00bb4.27.4&Prime; _module_preset=\u00a0\u00bbdefault\u00a0\u00bb global_colors_info=\u00a0\u00bb{}\u00a0\u00bb theme_builder_area=\u00a0\u00bbpost_content\u00a0\u00bb]<\/p>\n<p data-start=\"2209\" data-end=\"2558\">Que vous soyez amateur de sport, passionn\u00e9 de patrimoine ou simplement curieux, la Travers\u00e9e de Paris est l\u2019occasion parfaite de vivre un moment fort, entre <strong data-start=\"2366\" data-end=\"2431\">effort collectif, f\u00eate conviviale et d\u00e9couverte de la capitale<\/strong>.<br data-start=\"2432\" data-end=\"2435\" \/>Et pour immortaliser cette journ\u00e9e historique, partagez vos plus belles photos avec le hashtag <strong data-start=\"2530\" data-end=\"2555\">#traverseedeparis2025<\/strong>.<\/p>\n<p data-start=\"2560\" data-end=\"2689\">\ud83d\udcc5 <strong data-start=\"2563\" data-end=\"2637\">Dimanche 14 septembre 2025 \u2013 D\u00e9part 7h15 depuis le Club de Boulogne 92<\/strong><br data-start=\"2637\" data-end=\"2640\" \/>\ud83c\udf0d <strong data-start=\"2643\" data-end=\"2687\">+1300 rameurs \u2013 280 bateaux \u2013 10 nations<\/strong><\/p>\n<p>[\/et_pb_text][\/et_pb_column][\/et_pb_row][et_pb_row column_structure=\u00a0\u00bb1_5,1_5,1_5,1_5,1_5&Prime; _builder_version=\u00a0\u00bb4.27.4&Prime; _module_preset=\u00a0\u00bbdefault\u00a0\u00bb global_colors_info=\u00a0\u00bb{}\u00a0\u00bb theme_builder_area=\u00a0\u00bbpost_content\u00a0\u00bb][et_pb_column type=\u00a0\u00bb1_5&Prime; _builder_version=\u00a0\u00bb4.27.4&Prime; _module_preset=\u00a0\u00bbdefault\u00a0\u00bb global_colors_info=\u00a0\u00bb{}\u00a0\u00bb theme_builder_area=\u00a0\u00bbpost_content\u00a0\u00bb][et_pb_image src=\u00a0\u00bbhttp:\/\/traverseedeparis-aviron.com\/wp-content\/uploads\/2025\/09\/53999877566_f2c8c2859b_o-1-scaled.jpg\u00a0\u00bb title_text=\u00a0\u00bb53999877566_f2c8c2859b_o (1)\u00a0\u00bb _builder_version=\u00a0\u00bb4.27.4&Prime; _module_preset=\u00a0\u00bbdefault\u00a0\u00bb global_colors_info=\u00a0\u00bb{}\u00a0\u00bb theme_builder_area=\u00a0\u00bbpost_content\u00a0\u00bb][\/et_pb_image][\/et_pb_column][et_pb_column type=\u00a0\u00bb1_5&Prime; _builder_version=\u00a0\u00bb4.27.4&Prime; _module_preset=\u00a0\u00bbdefault\u00a0\u00bb global_colors_info=\u00a0\u00bb{}\u00a0\u00bb theme_builder_area=\u00a0\u00bbpost_content\u00a0\u00bb][et_pb_image src=\u00a0\u00bbhttp:\/\/traverseedeparis-aviron.com\/wp-content\/uploads\/2025\/09\/53997882592_c28ff88401_o.jpg\u00a0\u00bb title_text=\u00a0\u00bb53997882592_c28ff88401_o\u00a0\u00bb _builder_version=\u00a0\u00bb4.27.4&Prime; _module_preset=\u00a0\u00bbdefault\u00a0\u00bb global_colors_info=\u00a0\u00bb{}\u00a0\u00bb theme_builder_area=\u00a0\u00bbpost_content\u00a0\u00bb][\/et_pb_image][\/et_pb_column][et_pb_column type=\u00a0\u00bb1_5&Prime; _builder_version=\u00a0\u00bb4.27.4&Prime; _module_preset=\u00a0\u00bbdefault\u00a0\u00bb global_colors_info=\u00a0\u00bb{}\u00a0\u00bb theme_builder_area=\u00a0\u00bbpost_content\u00a0\u00bb][et_pb_image src=\u00a0\u00bbhttp:\/\/traverseedeparis-aviron.com\/wp-content\/uploads\/2024\/11\/52355026304_cf6f4489e0_o-1-scaled.jpg\u00a0\u00bb title_text=\u00a0\u00bb52355026304_cf6f4489e0_o (1)\u00a0\u00bb _builder_version=\u00a0\u00bb4.27.4&Prime; _module_preset=\u00a0\u00bbdefault\u00a0\u00bb global_colors_info=\u00a0\u00bb{}\u00a0\u00bb theme_builder_area=\u00a0\u00bbpost_content\u00a0\u00bb][\/et_pb_image][\/et_pb_column][et_pb_column type=\u00a0\u00bb1_5&Prime; _builder_version=\u00a0\u00bb4.27.4&Prime; _module_preset=\u00a0\u00bbdefault\u00a0\u00bb global_colors_info=\u00a0\u00bb{}\u00a0\u00bb theme_builder_area=\u00a0\u00bbpost_content\u00a0\u00bb][et_pb_image src=\u00a0\u00bbhttp:\/\/traverseedeparis-aviron.com\/wp-content\/uploads\/2024\/11\/Design-sans-titre-2024-11-28T145415.968.png\u00a0\u00bb title_text=\u00a0\u00bbDesign sans titre &#8211; 2024-11-28T145415.968&Prime; _builder_version=\u00a0\u00bb4.27.4&Prime; _module_preset=\u00a0\u00bbdefault\u00a0\u00bb global_colors_info=\u00a0\u00bb{}\u00a0\u00bb theme_builder_area=\u00a0\u00bbpost_content\u00a0\u00bb][\/et_pb_image][\/et_pb_column][et_pb_column type=\u00a0\u00bb1_5&Prime; _builder_version=\u00a0\u00bb4.27.4&Prime; _module_preset=\u00a0\u00bbdefault\u00a0\u00bb global_colors_info=\u00a0\u00bb{}\u00a0\u00bb theme_builder_area=\u00a0\u00bbpost_content\u00a0\u00bb][et_pb_image src=\u00a0\u00bbhttp:\/\/traverseedeparis-aviron.com\/wp-content\/uploads\/2024\/11\/52350485218_092fcbb66e_o-scaled.jpg\u00a0\u00bb title_text=\u00a0\u00bb52350485218_092fcbb66e_o\u00a0\u00bb _builder_version=\u00a0\u00bb4.27.4&Prime; _module_preset=\u00a0\u00bbdefault\u00a0\u00bb global_colors_info=\u00a0\u00bb{}\u00a0\u00bb theme_builder_area=\u00a0\u00bbpost_content\u00a0\u00bb][\/et_pb_image][\/et_pb_column][\/et_pb_row][\/et_pb_section]<\/p>\n","protected":false},"excerpt":{"rendered":"<p>Dimanche 14 septembre 2025, plus de 1 300 rameurs venus de toute la France et de l\u2019\u00e9tranger se donneront rendez-vous pour c\u00e9l\u00e9brer un moment unique : la 40\u1d49 \u00e9dition de la Travers\u00e9e de Paris et des Hauts-de-Seine en aviron, un \u00e9v\u00e9nement exceptionnel labellis\u00e9 cette ann\u00e9e par le Gouvernement dans le cadre de la F\u00eate nationale [&hellip;]<\/p>\n","protected":false},"author":1,"featured_media":13844,"comment_status":"closed","ping_status":"closed","sticky":false,"template":"","format":"standard","meta":{"_et_pb_use_builder":"on","_et_pb_old_content":"","_et_gb_content_width":"","footnotes":""},"categories":[12],"tags":[],"class_list":["post-13843","post","type-post","status-publish","format-standard","has-post-thumbnail","hentry","category-blog"],"_links":{"self":[{"href":"https:\/\/traverseedeparis-aviron.com\/en\/wp-json\/wp\/v2\/posts\/13843","targetHints":{"allow":["GET"]}}],"collection":[{"href":"https:\/\/traverseedeparis-aviron.com\/en\/wp-json\/wp\/v2\/posts"}],"about":[{"href":"https:\/\/traverseedeparis-aviron.com\/en\/wp-json\/wp\/v2\/types\/post"}],"author":[{"embeddable":true,"href":"https:\/\/traverseedeparis-aviron.com\/en\/wp-json\/wp\/v2\/users\/1"}],"replies":[{"embeddable":true,"href":"https:\/\/traverseedeparis-aviron.com\/en\/wp-json\/wp\/v2\/comments?post=13843"}],"version-history":[{"count":12,"href":"https:\/\/traverseedeparis-aviron.com\/en\/wp-json\/wp\/v2\/posts\/13843\/revisions"}],"predecessor-version":[{"id":13864,"href":"https:\/\/traverseedeparis-aviron.com\/en\/wp-json\/wp\/v2\/posts\/13843\/revisions\/13864"}],"wp:featuredmedia":[{"embeddable":true,"href":"https:\/\/traverseedeparis-aviron.com\/en\/wp-json\/wp\/v2\/media\/13844"}],"wp:attachment":[{"href":"https:\/\/traverseedeparis-aviron.com\/en\/wp-json\/wp\/v2\/media?parent=13843"}],"wp:term":[{"taxonomy":"category","embeddable":true,"href":"https:\/\/traverseedeparis-aviron.com\/en\/wp-json\/wp\/v2\/categories?post=13843"},{"taxonomy":"post_tag","embeddable":true,"href":"https:\/\/traverseedeparis-aviron.com\/en\/wp-json\/wp\/v2\/tags?post=13843"}],"curies":[{"name":"wp","href":"https:\/\/api.w.org\/{rel}","templated":true}]}}