{"id":13871,"date":"2025-09-19T12:02:07","date_gmt":"2025-09-19T10:02:07","guid":{"rendered":"https:\/\/traverseedeparis-aviron.com\/?p=13871"},"modified":"2025-09-19T12:02:07","modified_gmt":"2025-09-19T10:02:07","slug":"clap-de-fin-sur-la-40%e1%b5%89-traversee-de-paris-et-des-hauts-de-seine-en-aviron","status":"publish","type":"post","link":"https:\/\/traverseedeparis-aviron.com\/de\/2025\/09\/19\/clap-de-fin-sur-la-40%e1%b5%89-traversee-de-paris-et-des-hauts-de-seine-en-aviron\/","title":{"rendered":"Schlussklappe f\u00fcr die 40\u1d49 Durchquerung von Paris und Hauts-de-Seine im Rudern."},"content":{"rendered":"<p>[et_pb_section fb_built=\u00a0\u00bb1&Prime; theme_builder_area=\u00a0\u00bbpost_content\u00a0\u00bb _builder_version=\u00a0\u00bb4.27.4&Prime; _module_preset=\u00a0\u00bbdefault\u00a0\u00bb custom_margin=\u00a0\u00bb0px||||false|false\u00a0\u00bb custom_padding=\u00a0\u00bb0px||||false|false\u00a0\u00bb hover_enabled=\u00a0\u00bb0&Prime; sticky_enabled=\u00a0\u00bb0&Prime;][et_pb_row _builder_version=\u00a0\u00bb4.27.4&Prime; _module_preset=\u00a0\u00bbdefault\u00a0\u00bb theme_builder_area=\u00a0\u00bbpost_content\u00a0\u00bb][et_pb_column _builder_version=\u00a0\u00bb4.27.4&Prime; _module_preset=\u00a0\u00bbdefault\u00a0\u00bb type=\u00a0\u00bb4_4&Prime; theme_builder_area=\u00a0\u00bbpost_content\u00a0\u00bb][et_pb_post_title _builder_version=\u00a0\u00bb4.27.4&Prime; _module_preset=\u00a0\u00bbdefault\u00a0\u00bb theme_builder_area=\u00a0\u00bbpost_content\u00a0\u00bb categories=\u00a0\u00bboff\u00a0\u00bb comments=\u00a0\u00bboff\u00a0\u00bb hover_enabled=\u00a0\u00bb0&Prime; sticky_enabled=\u00a0\u00bb0&Prime; custom_margin=\u00a0\u00bb||7px||false|false\u00a0\u00bb custom_padding=\u00a0\u00bb||0px||false|false\u00a0\u00bb][\/et_pb_post_title][et_pb_text _builder_version=\u00a0\u00bb4.27.4&Prime; _module_preset=\u00a0\u00bbdefault\u00a0\u00bb theme_builder_area=\u00a0\u00bbpost_content\u00a0\u00bb hover_enabled=\u00a0\u00bb0&Prime; sticky_enabled=\u00a0\u00bb0&Prime;]<\/p>\n<p><span>Le dimanche 14 septembre 2025, Paris et les Hauts-de-Seine ont c\u00e9l\u00e9br\u00e9 une \u00e9dition pas comme les autres, plac\u00e9e sous le signe du sport et du partage. La\u00a0<\/span><strong data-start=\"295\" data-end=\"349\">Travers\u00e9e de Paris et des Hauts-de-Seine en aviron<\/strong><span>\u00a0c\u00e9l\u00e9brait son\u00a0<\/span><strong data-start=\"364\" data-end=\"384\">40\u1d49 anniversaire<\/strong><span>, un rendez-vous exceptionnel organis\u00e9 cette ann\u00e9e dans le cadre de la\u00a0<\/span><strong data-start=\"455\" data-end=\"482\">F\u00eate nationale du spor<\/strong><\/p>\n<p>[\/et_pb_text][et_pb_heading title=\u00a0\u00bbUne \u00e9dition record et internationale\u00a0\u00bb _builder_version=\u00a0\u00bb4.27.4&Prime; _module_preset=\u00a0\u00bbdefault\u00a0\u00bb theme_builder_area=\u00a0\u00bbpost_content\u00a0\u00bb hover_enabled=\u00a0\u00bb0&Prime; sticky_enabled=\u00a0\u00bb0&Prime; custom_margin=\u00a0\u00bb||0px||false|false\u00a0\u00bb custom_padding=\u00a0\u00bb||0px||false|false\u00a0\u00bb][\/et_pb_heading][et_pb_text _builder_version=\u00a0\u00bb4.27.4&Prime; _module_preset=\u00a0\u00bbdefault\u00a0\u00bb theme_builder_area=\u00a0\u00bbpost_content\u00a0\u00bb hover_enabled=\u00a0\u00bb0&Prime; sticky_enabled=\u00a0\u00bb0&Prime;]<\/p>\n<p><span>D\u00e8s 7h15,\u00a0<\/span><strong data-start=\"540\" data-end=\"555\">285 bateaux<\/strong><span>\u00a0et\u00a0<\/span><strong data-start=\"559\" data-end=\"576\">1 500 rameurs<\/strong><span>\u00a0venus de\u00a0<\/span><strong data-start=\"586\" data-end=\"599\">119 clubs<\/strong><span>\u00a0dont\u00a0<\/span><strong data-start=\"607\" data-end=\"651\">40 % d\u2019\u00e9trangers repr\u00e9sentant 11 nations<span>\u00a0<\/span><\/strong><span>ont pris le d\u00e9part depuis Boulogne, pour parcourir les\u00a0<\/span><strong data-start=\"709\" data-end=\"726\">28 kilom\u00e8tres<\/strong><span>\u00a0reliant les Hauts-de-Seine \u00e0 l\u2019est de Paris.<\/span><br data-start=\"771\" data-end=\"774\" \/><span>Seule randonn\u00e9e en aviron autoris\u00e9e \u00e0 traverser la capitale par la Seine, l\u2019\u00e9v\u00e9nement offre aux participants un panorama unique : Tour Eiffel, Louvre, Notre-Dame\u2026 en moins de trois heures, Paris se d\u00e9voile sous un angle in\u00e9dit, au fil de l\u2019eau.<\/span><\/p>\n<p>[\/et_pb_text][et_pb_heading title=\u00a0\u00bbUne f\u00eate sportive et conviviale\u00a0\u00bb _builder_version=\u00a0\u00bb4.27.4&Prime; _module_preset=\u00a0\u00bbdefault\u00a0\u00bb theme_builder_area=\u00a0\u00bbpost_content\u00a0\u00bb hover_enabled=\u00a0\u00bb0&Prime; sticky_enabled=\u00a0\u00bb0&Prime; custom_margin=\u00a0\u00bb||0px||false|false\u00a0\u00bb custom_padding=\u00a0\u00bb||0px||false|false\u00a0\u00bb][\/et_pb_heading][et_pb_text _builder_version=\u00a0\u00bb4.27.4&Prime; _module_preset=\u00a0\u00bbdefault\u00a0\u00bb theme_builder_area=\u00a0\u00bbpost_content\u00a0\u00bb hover_enabled=\u00a0\u00bb0&Prime; sticky_enabled=\u00a0\u00bb0&Prime;]<\/p>\n<p><span>Fid\u00e8le \u00e0 son esprit, la Travers\u00e9e de Paris n\u2019est pas une comp\u00e9tition, mais un moment de\u00a0<\/span><strong data-start=\"226\" data-end=\"277\">partage, de d\u00e9couverte et de d\u00e9passement de soi<\/strong><span>. Apr\u00e8s l\u2019effort, les rameurs se sont retrouv\u00e9s \u00e0 la base nautique pour un\u00a0<\/span><strong data-start=\"352\" data-end=\"374\">d\u00e9jeuner convivial<\/strong><span>\u00a0pr\u00e9par\u00e9 par le traiteur qui nous accompagne fid\u00e8lement depuis plusieurs ann\u00e9es et qui ne nous d\u00e9\u00e7oit jamais. Comme \u00e0 son habitude, il a propos\u00e9 un plat chaud savoureux, avec une version v\u00e9g\u00e9tarienne pour satisfaire tous les participants.<\/span><\/p>\n<p>[\/et_pb_text][et_pb_heading title=\u00a0\u00bbLes \u00e9lus au rendez-vous pour le coup d\u2019envoi\u00a0\u00bb _builder_version=\u00a0\u00bb4.27.4&Prime; _module_preset=\u00a0\u00bbdefault\u00a0\u00bb theme_builder_area=\u00a0\u00bbpost_content\u00a0\u00bb custom_margin=\u00a0\u00bb||0px||false|false\u00a0\u00bb custom_padding=\u00a0\u00bb||0px||false|false\u00a0\u00bb hover_enabled=\u00a0\u00bb0&Prime; sticky_enabled=\u00a0\u00bb0&Prime;][\/et_pb_heading][et_pb_image src=\u00a0\u00bbhttp:\/\/traverseedeparis-aviron.com\/wp-content\/uploads\/2025\/09\/WhatsApp-Image-2025-09-14-a-20.25.50_881d446d.jpg\u00a0\u00bb _builder_version=\u00a0\u00bb4.27.4&Prime; _module_preset=\u00a0\u00bbdefault\u00a0\u00bb theme_builder_area=\u00a0\u00bbpost_content\u00a0\u00bb title_text=\u00a0\u00bbWhatsApp Image 2025-09-14 \u00e0 20.25.50_881d446d\u00a0\u00bb hover_enabled=\u00a0\u00bb0&Prime; sticky_enabled=\u00a0\u00bb0&Prime; custom_margin=\u00a0\u00bb||11px||false|false\u00a0\u00bb custom_padding=\u00a0\u00bb||0px||false|false\u00a0\u00bb][\/et_pb_image][et_pb_text _builder_version=\u00a0\u00bb4.27.4&Prime; _module_preset=\u00a0\u00bbdefault\u00a0\u00bb theme_builder_area=\u00a0\u00bbpost_content\u00a0\u00bb hover_enabled=\u00a0\u00bb0&Prime; sticky_enabled=\u00a0\u00bb0&Prime;]<\/p>\n<div class=\"et_pb_module et_pb_text et_pb_text_3  et_pb_text_align_left et_pb_bg_layout_light\">\n<div class=\"et_pb_text_inner\">\n<p data-start=\"129\" data-end=\"555\">Cette \u00e9dition anniversaire a \u00e9galement \u00e9t\u00e9 marqu\u00e9e par la pr\u00e9sence de nombreux<span>\u00a0<\/span><strong data-start=\"208\" data-end=\"242\">\u00e9lus locaux et institutionnels<\/strong>, venus saluer l\u2019importance de cet \u00e9v\u00e9nement \u00e0 la fois sportif, culturel et populaire. Leur pr\u00e9sence pour donner le d\u00e9part de la randonn\u00e9e a symbolis\u00e9 le<span>\u00a0<\/span><strong data-start=\"396\" data-end=\"425\">soutien des collectivit\u00e9s<\/strong><span>\u00a0<\/span>au d\u00e9veloppement de l\u2019aviron et plus largement \u00e0 la promotion du sport pour tous, au c\u0153ur de la capitale et des Hauts-de-Seine.<\/p>\n<p data-start=\"557\" data-end=\"1281\">Parmi eux :<br data-start=\"568\" data-end=\"571\" \/>\ud83d\udd39<span>\u00a0<\/span><strong data-start=\"574\" data-end=\"601\">Gr\u00e9goire DE LA RONCI\u00c8RE<\/strong>, Maire de S\u00e8vres et Vice-pr\u00e9sident du D\u00e9partement 92<br data-start=\"654\" data-end=\"657\" \/>\ud83d\udd39<span>\u00a0<\/span><strong data-start=\"660\" data-end=\"688\">Armelle JULIARD-GENDARME<\/strong>, Maire adjointe au sport de Boulogne-Billancourt et Conseill\u00e8re r\u00e9gionale<br data-start=\"762\" data-end=\"765\" \/>\ud83d\udd39<span>\u00a0<\/span><strong data-start=\"768\" data-end=\"787\">Emmanuel YBORRA<\/strong>, Sous-pr\u00e9fet de Boulogne-Billancourt<br data-start=\"824\" data-end=\"827\" \/>\ud83d\udd39<span>\u00a0<\/span><strong data-start=\"830\" data-end=\"850\">Eric BACHAUFFEUR<\/strong>, Adjoint au Directeur des actions sportives du D\u00e9partement 92<br data-start=\"912\" data-end=\"915\" \/>\ud83d\udd39<span>\u00a0<\/span><strong data-start=\"918\" data-end=\"937\">Philippe GERARD<\/strong>, SDJES du 92<br data-start=\"950\" data-end=\"953\" \/>\ud83d\udd39<span>\u00a0<\/span><strong data-start=\"956\" data-end=\"976\">Fr\u00e9d\u00e9ric ANDOLFI<\/strong>, Pr\u00e9sident de la Ligue \u00cele-de-France d\u2019Aviron et Secr\u00e9taire g\u00e9n\u00e9ral de la FFAviron<br data-start=\"1059\" data-end=\"1062\" \/>\ud83d\udd39<span>\u00a0<\/span><strong data-start=\"1065\" data-end=\"1083\">Pedro FERREIRA<\/strong>, Pr\u00e9sident de Boulogne 92 Aviron<br data-start=\"1116\" data-end=\"1119\" \/>\ud83d\udd39<span>\u00a0<\/span><strong data-start=\"1122\" data-end=\"1148\">Christian VANDENBERGHE<\/strong>, Pr\u00e9sident de la F\u00e9d\u00e9ration Fran\u00e7aise d\u2019Aviron<br data-start=\"1195\" data-end=\"1198\" \/>\ud83d\udd39<span>\u00a0<\/span><strong data-start=\"1201\" data-end=\"1216\">Alain TASSY<\/strong>, Pr\u00e9sident du Comit\u00e9 D\u00e9partemental d\u2019Aviron des Hauts-de-Seine<\/p>\n<\/div>\n<\/div>\n<div class=\"et_pb_module et_pb_heading et_pb_heading_3 et_pb_bg_layout_\">\n<div class=\"et_pb_heading_container\"><\/div>\n<\/div>\n<p>[\/et_pb_text][et_pb_heading title=\u00a0\u00bbUne mobilisation exceptionnelle\u00a0\u00bb _builder_version=\u00a0\u00bb4.27.4&Prime; _module_preset=\u00a0\u00bbdefault\u00a0\u00bb theme_builder_area=\u00a0\u00bbpost_content\u00a0\u00bb hover_enabled=\u00a0\u00bb0&Prime; sticky_enabled=\u00a0\u00bb0&Prime; custom_margin=\u00a0\u00bb||0px||false|false\u00a0\u00bb custom_padding=\u00a0\u00bb||0px||false|false\u00a0\u00bb][\/et_pb_heading][et_pb_text _builder_version=\u00a0\u00bb4.27.4&Prime; _module_preset=\u00a0\u00bbdefault\u00a0\u00bb theme_builder_area=\u00a0\u00bbpost_content\u00a0\u00bb hover_enabled=\u00a0\u00bb0&Prime; sticky_enabled=\u00a0\u00bb0&Prime;]<\/p>\n<div class=\"et_pb_module et_pb_text et_pb_text_4  et_pb_text_align_left et_pb_bg_layout_light\">\n<div class=\"et_pb_text_inner\">\n<p>Plus de<span>\u00a0<\/span><strong data-start=\"1895\" data-end=\"1912\">150 b\u00e9n\u00e9voles<\/strong><span>\u00a0<\/span>se sont mobilis\u00e9s tout le week-end pour accueillir rameurs et clubs, assurer la logistique et veiller au bon d\u00e9roulement de la randonn\u00e9e. Leur engagement a largement contribu\u00e9 au succ\u00e8s de cette 40\u1d49 \u00e9dition.<\/p>\n<\/div>\n<\/div>\n<div class=\"et_pb_module et_pb_heading et_pb_heading_4 et_pb_bg_layout_\">\n<div class=\"et_pb_heading_container\"><\/div>\n<\/div>\n<p>[\/et_pb_text][et_pb_heading title=\u00a0\u00bbUne \u00e9dition labellis\u00e9e et solidaire\u00a0\u00bb _builder_version=\u00a0\u00bb4.27.4&Prime; _module_preset=\u00a0\u00bbdefault\u00a0\u00bb theme_builder_area=\u00a0\u00bbpost_content\u00a0\u00bb hover_enabled=\u00a0\u00bb0&Prime; sticky_enabled=\u00a0\u00bb0&Prime; custom_margin=\u00a0\u00bb||0px||false|false\u00a0\u00bb custom_padding=\u00a0\u00bb||0px||false|false\u00a0\u00bb][\/et_pb_heading][et_pb_text _builder_version=\u00a0\u00bb4.27.4&Prime; _module_preset=\u00a0\u00bbdefault\u00a0\u00bb theme_builder_area=\u00a0\u00bbpost_content\u00a0\u00bb hover_enabled=\u00a0\u00bb0&Prime; sticky_enabled=\u00a0\u00bb0&Prime;]<\/p>\n<p><span>Cette 40\u1d49 \u00e9dition a b\u00e9n\u00e9fici\u00e9 d\u2019une visibilit\u00e9 suppl\u00e9mentaire gr\u00e2ce \u00e0 sa labellisation officielle dans le cadre de la\u00a0<\/span><strong data-start=\"2276\" data-end=\"2303\">F\u00eate nationale du sport<\/strong><span>.<\/span><br data-start=\"2304\" data-end=\"2307\" \/><span>Par ailleurs, une\u00a0<\/span><strong data-start=\"2325\" data-end=\"2346\">boutique \u00e9ph\u00e9m\u00e8re<\/strong><span>\u00a0proposait des articles aux couleurs de l\u2019\u00e9v\u00e9nement (polos, tee-shirts, goodies, affiches), et une\u00a0<\/span><strong data-start=\"2445\" data-end=\"2456\">buvette<\/strong><span>\u00a0animait la journ\u00e9e pour prolonger la convivialit\u00e9 \u00e0 terre.<\/span><\/p>\n<p>[\/et_pb_text][et_pb_heading title=\u00a0\u00bbUn rendez-vous incontournable\u00a0\u00bb _builder_version=\u00a0\u00bb4.27.4&Prime; _module_preset=\u00a0\u00bbdefault\u00a0\u00bb theme_builder_area=\u00a0\u00bbpost_content\u00a0\u00bb hover_enabled=\u00a0\u00bb0&Prime; sticky_enabled=\u00a0\u00bb0&Prime; custom_margin=\u00a0\u00bb||0px||false|false\u00a0\u00bb custom_padding=\u00a0\u00bb||0px||false|false\u00a0\u00bb][\/et_pb_heading][et_pb_text _builder_version=\u00a0\u00bb4.27.4&Prime; _module_preset=\u00a0\u00bbdefault\u00a0\u00bb theme_builder_area=\u00a0\u00bbpost_content\u00a0\u00bb hover_enabled=\u00a0\u00bb0&Prime; sticky_enabled=\u00a0\u00bb0&Prime;]<\/p>\n<p data-start=\"2555\" data-end=\"2814\">La Travers\u00e9e de Paris et des Hauts-de-Seine en aviron est aujourd\u2019hui<span>\u00a0<\/span><strong data-start=\"2625\" data-end=\"2643\">incontournable<\/strong><span>\u00a0<\/span>pour les passionn\u00e9s de rame comme pour les curieux. Chaque ann\u00e9e, elle attire de plus en plus de participants, confirmant son<span>\u00a0<\/span><strong data-start=\"2770\" data-end=\"2811\">rayonnement national et international<\/strong>.<\/p>\n<p data-start=\"2555\" data-end=\"2814\">Merci au club des photographes de l\u2019ACBB Omnisport avec Eric CATHERINE, Thierry PARENTI et Nicolas SANSON pour avoir immortalis\u00e9 cette journ\u00e9e.<\/p>\n<p data-start=\"2816\" data-end=\"2984\">\ud83d\udcc5<span>\u00a0<\/span><strong data-start=\"2819\" data-end=\"2852\">Rendez-vous en 2026<\/strong><span>\u00a0<\/span>pour la 41\u1d49 \u00e9dition !<br data-start=\"2874\" data-end=\"2877\" \/>\ud83d\udc49 Plus d\u2019informations et photos sur<span> : <a href=\"https:\/\/www.flickr.com\/photos\/195880220@N05\/albums\/72177720329012436\/\">ici<\/a><\/span><\/p>\n<p>[\/et_pb_text][\/et_pb_column][\/et_pb_row][\/et_pb_section]<\/p>\n","protected":false},"excerpt":{"rendered":"<p>Le dimanche 14 septembre 2025, Paris et les Hauts-de-Seine ont c\u00e9l\u00e9br\u00e9 une \u00e9dition pas comme les autres, plac\u00e9e sous le signe du sport et du partage. La\u00a0Travers\u00e9e de Paris et des Hauts-de-Seine en aviron\u00a0c\u00e9l\u00e9brait son\u00a040\u1d49 anniversaire, un rendez-vous exceptionnel organis\u00e9 cette ann\u00e9e dans le cadre de la\u00a0F\u00eate nationale du sporD\u00e8s 7h15,\u00a0285 bateaux\u00a0et\u00a01 500 rameurs\u00a0venus de\u00a0119 [&hellip;]<\/p>\n","protected":false},"author":1,"featured_media":13872,"comment_status":"closed","ping_status":"closed","sticky":false,"template":"","format":"standard","meta":{"_et_pb_use_builder":"on","_et_pb_old_content":"","_et_gb_content_width":"","footnotes":""},"categories":[12],"tags":[],"class_list":["post-13871","post","type-post","status-publish","format-standard","has-post-thumbnail","hentry","category-blog"],"_links":{"self":[{"href":"https:\/\/traverseedeparis-aviron.com\/de\/wp-json\/wp\/v2\/posts\/13871","targetHints":{"allow":["GET"]}}],"collection":[{"href":"https:\/\/traverseedeparis-aviron.com\/de\/wp-json\/wp\/v2\/posts"}],"about":[{"href":"https:\/\/traverseedeparis-aviron.com\/de\/wp-json\/wp\/v2\/types\/post"}],"author":[{"embeddable":true,"href":"https:\/\/traverseedeparis-aviron.com\/de\/wp-json\/wp\/v2\/users\/1"}],"replies":[{"embeddable":true,"href":"https:\/\/traverseedeparis-aviron.com\/de\/wp-json\/wp\/v2\/comments?post=13871"}],"version-history":[{"count":10,"href":"https:\/\/traverseedeparis-aviron.com\/de\/wp-json\/wp\/v2\/posts\/13871\/revisions"}],"predecessor-version":[{"id":13884,"href":"https:\/\/traverseedeparis-aviron.com\/de\/wp-json\/wp\/v2\/posts\/13871\/revisions\/13884"}],"wp:featuredmedia":[{"embeddable":true,"href":"https:\/\/traverseedeparis-aviron.com\/de\/wp-json\/wp\/v2\/media\/13872"}],"wp:attachment":[{"href":"https:\/\/traverseedeparis-aviron.com\/de\/wp-json\/wp\/v2\/media?parent=13871"}],"wp:term":[{"taxonomy":"category","embeddable":true,"href":"https:\/\/traverseedeparis-aviron.com\/de\/wp-json\/wp\/v2\/categories?post=13871"},{"taxonomy":"post_tag","embeddable":true,"href":"https:\/\/traverseedeparis-aviron.com\/de\/wp-json\/wp\/v2\/tags?post=13871"}],"curies":[{"name":"wp","href":"https:\/\/api.w.org\/{rel}","templated":true}]}}