{"id":13224,"date":"2024-09-16T18:21:51","date_gmt":"2024-09-16T16:21:51","guid":{"rendered":"https:\/\/traverseedeparis-aviron.com\/?p=13224"},"modified":"2025-02-24T11:14:40","modified_gmt":"2025-02-24T10:14:40","slug":"traversee-de-paris-et-des-hauts-de-seine-nouvelle-edition-record","status":"publish","type":"post","link":"https:\/\/traverseedeparis-aviron.com\/de\/2024\/09\/16\/traversee-de-paris-et-des-hauts-de-seine-nouvelle-edition-record\/","title":{"rendered":"Travers\u00e9e de Paris et des Hauts-de-Seine: neue Rekordausgabe"},"content":{"rendered":"\n[et_pb_section fb_built=\u00a0\u00bb1&Prime; _builder_version=\u00a0\u00bb4.27.4&Prime; _module_preset=\u00a0\u00bbdefault\u00a0\u00bb global_colors_info=\u00a0\u00bb{}\u00a0\u00bb theme_builder_area=\u00a0\u00bbpost_content\u00a0\u00bb][et_pb_row _builder_version=\u00a0\u00bb4.27.4&Prime; _module_preset=\u00a0\u00bbdefault\u00a0\u00bb global_colors_info=\u00a0\u00bb{}\u00a0\u00bb theme_builder_area=\u00a0\u00bbpost_content\u00a0\u00bb][et_pb_column type=\u00a0\u00bb4_4&Prime; _builder_version=\u00a0\u00bb4.27.4&Prime; _module_preset=\u00a0\u00bbdefault\u00a0\u00bb global_colors_info=\u00a0\u00bb{}\u00a0\u00bb theme_builder_area=\u00a0\u00bbpost_content\u00a0\u00bb][et_pb_post_title _builder_version=\u00a0\u00bb4.27.4&Prime; _module_preset=\u00a0\u00bbdefault\u00a0\u00bb hover_enabled=\u00a0\u00bb0&Prime; global_colors_info=\u00a0\u00bb{}\u00a0\u00bb theme_builder_area=\u00a0\u00bbpost_content\u00a0\u00bb date_format=\u00a0\u00bbj, M Y\u00a0\u00bb sticky_enabled=\u00a0\u00bb0&Prime; categories=\u00a0\u00bboff\u00a0\u00bb][\/et_pb_post_title][et_pb_text _builder_version=\u00a0\u00bb4.27.4&Prime; _module_preset=\u00a0\u00bbdefault\u00a0\u00bb global_colors_info=\u00a0\u00bb{}\u00a0\u00bb theme_builder_area=\u00a0\u00bbpost_content\u00a0\u00bb]<p>La Travers\u00e9e de Paris, qui s\u2019est d\u00e9roul\u00e9e ce dimanche 15 septembre 2024, a \u00e9t\u00e9 un v\u00e9ritable succ\u00e8s. Cet \u00e9v\u00e9nement unique a permis aux participants de d\u00e9couvrir la capitale sous un angle nouveau et enchanteur, en naviguant sur la Seine.<\/p>\n<p>Nous tenons \u00e0 exprimer notre profonde gratitude envers tous les participants qui ont contribu\u00e9 \u00e0 faire de cette journ\u00e9e un moment inoubliable. Votre enthousiasme et votre bonne humeur ont \u00e9t\u00e9 les ingr\u00e9dients essentiels de cette r\u00e9ussite.<\/p>\n<h2 class=\"wp-block-heading\">Remerciements sp\u00e9ciaux \u00e0 nos partenaires<\/h2>\n<p>Un \u00e9v\u00e9nement d\u2019une telle envergure n\u2019aurait pas \u00e9t\u00e9 possible sans le soutien pr\u00e9cieux de nos partenaires. Nous souhaitons adresser nos sinc\u00e8res remerciements \u00e0 :<\/p>\n<ul class=\"wp-block-list\">\n<li><strong>Le D\u00e9partement des Hauts-de-Seine<\/strong><span>\u00a0<\/span>: Pour leur soutien logistique et financier qui a grandement contribu\u00e9 \u00e0 la r\u00e9alisation de cet \u00e9v\u00e9nement.<\/li>\n<li><strong>La Ville de Paris<\/strong><span>\u00a0<\/span>: Pour leur collaboration exceptionnelle et leur aide dans la coordination de l\u2019\u00e9v\u00e9nement au c\u0153ur de la capitale.<\/li>\n<li><strong>La SNSM<\/strong><span>\u00a0<\/span>: Pour leur expertise indispensable et leur gestion impeccable de la navigation sur la Seine, assurant la s\u00e9curit\u00e9 et le bon d\u00e9roulement de la travers\u00e9e.<\/li>\n<li><strong>Les Voies Navigables de France :<\/strong><span>\u00a0<\/span>Pour leur r\u00f4le crucial dans la gestion du trafic fluvial et leur expertise qui a permis une coordination parfaite de l\u2019\u00e9v\u00e9nement sur la Seine. Leur contribution a \u00e9t\u00e9 essentielle pour garantir une travers\u00e9e fluide et s\u00e9curis\u00e9e pour tous les participants.<\/li>\n<\/ul>\n<p>Gr\u00e2ce \u00e0 l\u2019engagement de ces partenaires, nous avons pu offrir aux participants une exp\u00e9rience unique et s\u00e9curis\u00e9e, mettant en valeur le patrimoine fluvial de Paris et de sa r\u00e9gion.<\/p>\n<p>Un grand merci \u00e0 chacun de nos 150 b\u00e9n\u00e9voles exceptionnels ! Votre d\u00e9vouement, votre dynamisme et votre g\u00e9n\u00e9rosit\u00e9 ont fait de cet \u00e9v\u00e9nement une r\u00e9ussite exceptionnelle. Gr\u00e2ce \u00e0 vous, nous avons accueilli 265 bateaux et c\u2019est encore un record pour l\u2019\u00e9v\u00e9nement. Votre aide est pr\u00e9cieuse et nous vous sommes profond\u00e9ment reconnaissants pour tout ce que vous avez apport\u00e9.<\/p>\n<h2 class=\"wp-block-heading\">Un Succ\u00e8s Collectif<\/h2>\n<p>La Travers\u00e9e de Paris 2024 restera dans les m\u00e9moires comme un moment de partage, de d\u00e9couverte et de c\u00e9l\u00e9bration de notre belle capitale. Nous sommes impatients de vous retrouver pour de futures \u00e9ditions, toujours plus enrichissantes et spectaculaires.<\/p>\n<p>Encore une fois, merci \u00e0 tous pour votre participation et votre soutien !<\/p>[\/et_pb_text][\/et_pb_column][\/et_pb_row][\/et_pb_section]\n","protected":false},"excerpt":{"rendered":"<p>La Travers\u00e9e de Paris, qui s\u2019est d\u00e9roul\u00e9e ce dimanche 15 septembre 2024, a \u00e9t\u00e9 un v\u00e9ritable succ\u00e8s. Cet \u00e9v\u00e9nement unique a permis aux participants de d\u00e9couvrir la capitale sous un angle nouveau et enchanteur, en naviguant sur la Seine. Nous tenons \u00e0 exprimer notre profonde gratitude envers tous les participants qui ont contribu\u00e9 \u00e0 faire [&hellip;]<\/p>\n","protected":false},"author":1,"featured_media":49,"comment_status":"closed","ping_status":"open","sticky":false,"template":"","format":"standard","meta":{"_et_pb_use_builder":"on","_et_pb_old_content":"","_et_gb_content_width":"","footnotes":""},"categories":[12],"tags":[],"class_list":["post-13224","post","type-post","status-publish","format-standard","has-post-thumbnail","hentry","category-blog"],"_links":{"self":[{"href":"https:\/\/traverseedeparis-aviron.com\/de\/wp-json\/wp\/v2\/posts\/13224","targetHints":{"allow":["GET"]}}],"collection":[{"href":"https:\/\/traverseedeparis-aviron.com\/de\/wp-json\/wp\/v2\/posts"}],"about":[{"href":"https:\/\/traverseedeparis-aviron.com\/de\/wp-json\/wp\/v2\/types\/post"}],"author":[{"embeddable":true,"href":"https:\/\/traverseedeparis-aviron.com\/de\/wp-json\/wp\/v2\/users\/1"}],"replies":[{"embeddable":true,"href":"https:\/\/traverseedeparis-aviron.com\/de\/wp-json\/wp\/v2\/comments?post=13224"}],"version-history":[{"count":6,"href":"https:\/\/traverseedeparis-aviron.com\/de\/wp-json\/wp\/v2\/posts\/13224\/revisions"}],"predecessor-version":[{"id":13370,"href":"https:\/\/traverseedeparis-aviron.com\/de\/wp-json\/wp\/v2\/posts\/13224\/revisions\/13370"}],"wp:featuredmedia":[{"embeddable":true,"href":"https:\/\/traverseedeparis-aviron.com\/de\/wp-json\/wp\/v2\/media\/49"}],"wp:attachment":[{"href":"https:\/\/traverseedeparis-aviron.com\/de\/wp-json\/wp\/v2\/media?parent=13224"}],"wp:term":[{"taxonomy":"category","embeddable":true,"href":"https:\/\/traverseedeparis-aviron.com\/de\/wp-json\/wp\/v2\/categories?post=13224"},{"taxonomy":"post_tag","embeddable":true,"href":"https:\/\/traverseedeparis-aviron.com\/de\/wp-json\/wp\/v2\/tags?post=13224"}],"curies":[{"name":"wp","href":"https:\/\/api.w.org\/{rel}","templated":true}]}}